{"id":66,"date":"2022-07-14T14:04:00","date_gmt":"2022-07-14T12:04:00","guid":{"rendered":"https:\/\/cosibella-de.jdmsite.com\/?p=66"},"modified":"2025-01-14T13:53:02","modified_gmt":"2025-01-14T12:53:02","slug":"minimalistische-pflege-skintra-in-groseren-kapazitaten","status":"publish","type":"post","link":"https:\/\/cosibella.com.de\/blog\/minimalistische-pflege-skintra-in-groseren-kapazitaten\/","title":{"rendered":"Minimalistische Pflege. SkinTra in gr\u00f6\u00dferen Kapazit\u00e4ten"},"content":{"rendered":"\n<p class=\"wp-block-paragraph\">Von einer&nbsp;<strong>ausgiebigen Pflegeroutine<\/strong>&nbsp;wird viel gesprochen, aber es ist nicht f\u00fcr jeden ein guter Weg. Wir alle k\u00fcmmern uns um \u00d6kologie, wir m\u00f6chten, dass unser Handeln so wenig negative Auswirkungen auf das Funktionieren des Planeten wie m\u00f6glich hat. Und doch verwenden wir viele Pflegeprodukte, getrennt f\u00fcr die K\u00f6rperhaut, getrennt f\u00fcr die Gesichtshaut, was nicht dazu beitr\u00e4gt, die Kosmetik zu reduzieren. Heute zeige ich Dir, wie Du zumindest die Anzahl der Kosmetika in Deinem Badezimmer reduzieren kannst und wie Du ein Basis-Set zusammenstellen kannst, damit Deine Gesichtspflege nicht mehrere Schritte erfordert. Probier es aus, manchmal&nbsp;<strong>ist weniger mehr<\/strong>!<\/p>\n\n\n\n<h2 class=\"wp-block-heading\">Minimalismus in der Gesichtspflege<\/h2>\n\n\n\n<p class=\"wp-block-paragraph\">Ich muss zugeben, dass ich selbst gerne die Wahl habe, wenn es um Gesichtskosmetik geht. Ich bem\u00fche mich jedoch sehr, die von mir ge\u00f6ffneten Kosmetika immer bis zum Ende zu verwenden, daher ist es sinnlos, f\u00fcnf Fl\u00e4schchen Serum zu \u00f6ffnen, da ich sie nicht vor ihrem Verfallsdatum verwenden kann. Eine mehrstufige Gesichtspflege ist oft nicht die beste L\u00f6sung, vor allem wenn Deine Haut problematisch ist. Bei der Erstellung einer Hautpflegeroutine&nbsp;<strong>fange am besten mit den Grundlagen an!<\/strong><\/p>\n\n\n\n<h3 class=\"wp-block-heading\">Sanfte Reinigung<\/h3>\n\n\n\n<div class=\"wp-block-columns is-layout-flex wp-container-core-columns-is-layout-8f761849 wp-block-columns-is-layout-flex\">\n<div class=\"wp-block-column is-layout-flow wp-block-column-is-layout-flow\" style=\"flex-basis:30%\">\n<div class=\"wp-block-group is-nowrap is-layout-flex wp-container-core-group-is-layout-8f761849 wp-block-group-is-layout-flex\">\n<figure class=\"wp-block-image\"><a href=\"https:\/\/cosibella.com.de\/de\/products\/alkmie-holy-harmony-probiotic-face-and-body-gel-probiotisches-korper-und-gesichtsreinigungsgel-250ml-2131\"><img decoding=\"async\" src=\"https:\/\/cosibella.pl\/data\/include\/cms\/bannery_blog\/Minimalistyczna-pielignacja\/pol_pl_Alkmie-Holy-Harmony-Probiotic-Face-and-Body-Gel-Probiotyczny-Zel-do-Mycia-Twarzy-i-Ciala-250ml-2131_1.webp?v=1654772104523\" alt=\"Alkmie - Probiotisches K\u00f6rper- und Gesichtsreinigungsgel\"\/><\/a><\/figure>\n<\/div>\n<\/div>\n\n\n\n<div class=\"wp-block-column is-layout-flow wp-block-column-is-layout-flow\" style=\"flex-basis:70%\">\n<p class=\"wp-block-paragraph\">Bei der Zusammenstellung einer\u00a0<strong>minimalistischen Morgenpflege<\/strong>\u00a0lohnt es sich, ein Produkt in Betracht zu ziehen, das auch f\u00fcr die Reinigung von Gesicht und K\u00f6rperhaut geeignet ist. Eines dieser Produkte ist\u00a0<strong><a href=\"https:\/\/cosibella.com.de\/de\/products\/alkmie-holy-harmony-probiotic-face-and-body-gel-probiotisches-korper-und-gesichtsreinigungsgel-250ml-2131\">Alkmie &#8211; Probiotisches K\u00f6rper- und Gesichtsreinigungsgel<\/a><\/strong>. Ein solches Produkt erm\u00f6glicht eine gr\u00fcndliche Reinigung der Gesichtshaut, sowohl bei trockener Haut als auch bei Akne oder Problemen mit fettiger Haut. Es eignet sich gut f\u00fcr eine minimalistische Hautpflege, so dass Du nicht zwei separate Gesichtsreiniger ben\u00f6tigst. Auch\u00a0<strong>auf Reisen ist diese L\u00f6sung sehr praktisch!<\/strong>\u00a0Ein <a href=\"https:\/\/cosibella.com.de\/de\/menu\/gesicht\/gesichtsreinigung\/reinigungsgel-28632\">Reinigungsgel<\/a> bedeutet auch leichteres Gep\u00e4ck \ud83d\ude42<\/p>\n<\/div>\n<\/div>\n\n\n\n<div class=\"wp-block-columns is-layout-flex wp-container-core-columns-is-layout-8f761849 wp-block-columns-is-layout-flex\">\n<div class=\"wp-block-column is-layout-flow wp-block-column-is-layout-flow\" style=\"flex-basis:30%\">\n<div class=\"wp-block-group is-nowrap is-layout-flex wp-container-core-group-is-layout-8f761849 wp-block-group-is-layout-flex\">\n<figure class=\"wp-block-image\"><a href=\"https:\/\/cosibella.com.de\/de\/products\/basiclab-famillias-sanftes-waschgel-fur-die-ganze-familie-500ml-2068\"><img decoding=\"async\" src=\"https:\/\/cosibella.pl\/data\/include\/cms\/bannery_blog\/Minimalistyczna-pielignacja\/pol_pl_BasicLab-Famillias-Delikatny-Zel-do-Mycia-dla-Calej-Rodziny-500ml-2068_1.webp?v=1654772104521\" alt=\"BasicLab - Familias Waschgel f\u00fcr die ganze Familie\"\/><\/a><\/figure>\n<\/div>\n<\/div>\n\n\n\n<div class=\"wp-block-column is-layout-flow wp-block-column-is-layout-flow\" style=\"flex-basis:70%\">\n<p class=\"wp-block-paragraph\">Das zweite Produkt, das in einer solchen Situation gut funktioniert, ist&nbsp;<strong><a href=\"https:\/\/cosibella.com.de\/de\/products\/basiclab-famillias-sanftes-waschgel-fur-die-ganze-familie-500ml-2068\">BasicLab &#8211; Familias Waschgel f\u00fcr die ganze Familie<\/a><\/strong>. Das Produkt ist ein Pflege-Hit f\u00fcr die ganze Familie, denn es ist sanft und reinigt dennoch effektiv. Es passt noch mehr in den Trend der minimalistischen Pflege, denn es kann zum Waschen von K\u00f6rper, Gesicht und sogar Haaren verwendet werden! Da dieses sanfte Gel Trehalose und Aloe-Vera-Saft enth\u00e4lt, bleibt die Haut mit Feuchtigkeit versorgt und regeneriert. Es riecht sehr zart, sodass Du es f\u00fcr Kinder, sich selbst und M\u00e4nner verwenden kannst \ud83d\ude42<\/p>\n<\/div>\n<\/div>\n\n\n\n<h3 class=\"wp-block-heading\">Verwendung von Feuchtigkeitscreme f\u00fcr Gesicht und K\u00f6rper<\/h3>\n\n\n\n<div class=\"wp-block-columns is-layout-flex wp-container-core-columns-is-layout-8f761849 wp-block-columns-is-layout-flex\">\n<div class=\"wp-block-column is-layout-flow wp-block-column-is-layout-flow\" style=\"flex-basis:30%\">\n<figure class=\"wp-block-image size-full\"><a href=\"https:\/\/cosibella.com.de\/de\/products\/cerave-feuchtigkeitsspendende-gesichts-und-korperemulsion-mit-ceramiden-473ml-4755\"><img loading=\"lazy\" decoding=\"async\" width=\"900\" height=\"675\" src=\"https:\/\/cosibella.com.de\/blog\/wp-content\/uploads\/2024\/02\/pol_pl_cerave-nawilzajaca-emulsja-do-twarzy-i-ciala-z-ceramidami-473ml-4755_1.webp\" alt=\"\" class=\"wp-image-389\" srcset=\"https:\/\/cosibella.com.de\/blog\/wp-content\/uploads\/2024\/02\/pol_pl_cerave-nawilzajaca-emulsja-do-twarzy-i-ciala-z-ceramidami-473ml-4755_1.webp 900w, https:\/\/cosibella.com.de\/blog\/wp-content\/uploads\/2024\/02\/pol_pl_cerave-nawilzajaca-emulsja-do-twarzy-i-ciala-z-ceramidami-473ml-4755_1-300x225.webp 300w, https:\/\/cosibella.com.de\/blog\/wp-content\/uploads\/2024\/02\/pol_pl_cerave-nawilzajaca-emulsja-do-twarzy-i-ciala-z-ceramidami-473ml-4755_1-768x576.webp 768w\" sizes=\"auto, (max-width: 900px) 100vw, 900px\" \/><\/a><\/figure>\n<\/div>\n\n\n\n<div class=\"wp-block-column is-layout-flow wp-block-column-is-layout-flow\" style=\"flex-basis:70%\">\n<p class=\"wp-block-paragraph\">Das grundlegendste Kosmetikum, das sich gut f\u00fcr die Gesichts- und <a href=\"https:\/\/cosibella.com.de\/blog\/korperseren-the-ordinary-vs-skintra-was-wird-besser-fur-dich-sein\/\"  data-wpil-monitor-id=\"223\">K\u00f6rperpflege<\/a> eignet, ist eine Feuchtigkeitscreme. Jede Haut braucht Feuchtigkeit, auch wenn sie fettig oder zu Akne neigt. Die Wahl des Produkts h\u00e4ngt von Deinen Vorlieben und Deinem Hauttyp ab. Einer der Favoriten, der immer einen Platz in meiner Pflege hat, ist\u00a0<strong><a href=\"https:\/\/cosibella.com.de\/de\/products\/cerave-feuchtigkeitsspendende-gesichts-und-korperemulsion-mit-ceramiden-473ml-4755\">CeraVe &#8211; Feuchtigkeitsspendende Gesichts- und K\u00f6rperemulsion mit Ceramiden<\/a><\/strong>. Ich glaube, dass es ein Produkt ist, das jede <a href=\"https:\/\/cosibella.com.de\/de\/menu\/korper\/korperpflege\/bodylotions-7145\">K\u00f6rperlotion <\/a>und feuchtigkeitsspendende Gesichtscreme ersetzen wird, weshalb es so gut in der minimalistischen Pflege funktioniert. Du kannst solche Kosmetika auch in der Fu\u00df- oder Handpflege verwenden, anstatt separate Kosmetika zu kaufen.<\/p>\n<\/div>\n<\/div>\n\n\n\n<h3 class=\"wp-block-heading\">Exfoliation &#8211; entscheide Dich f\u00fcr ein gutes Peeling<\/h3>\n\n\n\n<p class=\"wp-block-paragraph\">Um die Haut im Gleichgewicht zu halten, sie mit Feuchtigkeit zu versorgen und von Mitessern und Unreinheiten zu befreien, ist es ratsam, sie\u00a0<strong>regelm\u00e4\u00dfig zu peelen<\/strong>. Wenn Du fettige Haut, zu Akne neigende Haut mit entz\u00fcndlichen L\u00e4sionen, aber auch empfindliche Haut und <a href=\"https:\/\/cosibella.com.de\/blog\/hautpflege-bei-rosacea-eine-schritt-fur-schritt-routine\/\"  data-wpil-monitor-id=\"160\">Rosacea<\/a> hast, solltest Du auf k\u00f6rnige Peelings verzichten.\u00a0<strong>S\u00e4ure- oder <a href=\"https:\/\/cosibella.com.de\/de\/menu\/gesicht\/gesichtspeelings\/enzymatische-gesichtspeelings-29661\">Enzympeelings<\/a><\/strong>\u00a0eignen sich f\u00fcr diese Hauttypen. Sie exfolieren die Epidermis sanft, ohne \u00fcberm\u00e4\u00dfige Reizung oder Aufl\u00f6sung entz\u00fcndlicher Ver\u00e4nderungen zu verursachen. Da wir aber im Trend der minimalistischen Pflege sind, biete ich Dir ein Peeling an, das Du f\u00fcr das Gesicht, aber auch f\u00fcr andere K\u00f6rperpartien, z.B. F\u00fc\u00dfe, verwenden kannst!<\/p>\n\n\n\n<h2 class=\"wp-block-heading\">SkinTra &#8211; Destructor mit mehr Kapazit\u00e4t!<\/h2>\n\n\n\n<p class=\"wp-block-paragraph\">Dieses Peeling ist der Favorit von wahrscheinlich jeder Kosmetologin bei Cosibella geworden. Es peelt perfekt, reinigt die Haut und l\u00e4sst die Haut frisch, aufgehellt und glatt aussehen. Die Kombination aus Kojic-, Mandel-, Tranexams\u00e4uren sowie zus\u00e4tzlichem Vitamin C ist ein Hit f\u00fcr fettige Mischhaut, Haut mit Mitessern und Verf\u00e4rbungen. Wichtig ist, dass&nbsp;<strong>die<\/strong><strong> Kosmetik ganzj\u00e4hrig ist, sodass Du sie auch im <a href=\"https:\/\/cosibella.com.de\/blog\/gesichtspflege-im-sommer-tipps-fur-eine-sommerpflege-routine\/\"  data-wpil-monitor-id=\"137\">Sommer<\/a> verwenden kannst.<\/strong>&nbsp;Vergiss nat\u00fcrlich nicht, Dich mit Sonnencreme einzucremen! Was es in letzter Zeit auszeichnet, ist sein&nbsp;<strong>NEUE, GR\u00d6SSERE KAPAZIT\u00c4T 100ML!<\/strong>&nbsp;Ab jetzt kannst Du Deinen Favoriten in einer gr\u00f6\u00dferen Flasche haben \ud83d\ude42<\/p>\n\n\n\n<p class=\"wp-block-paragraph\">Heute verwende ich es nicht nur f\u00fcr mein Gesicht, sondern auf Empfehlung der Kosmetologinnen von Cosibella auch f\u00fcr meine F\u00fc\u00dfe! Ich trage eine d\u00fcnne Schicht auf meine Fersen auf, die normalerweise eine dickere Haut haben, trocken sind und ein Peeling ben\u00f6tigen. Die Effekte sind wirklich toll! Denk nur daran, Dir immer die H\u00e4nde zu waschen, da die Haut auf ihnen d\u00fcnner ist und Du Dir ein ungewolltes Peeling g\u00f6nnen kannst (mach nicht meine Fehler, wenn Du nicht willst, dass sich die Haut an Deinen H\u00e4nden abl\u00f6st :D).<\/p>\n\n\n\n<p class=\"wp-block-paragraph\">Eine wichtige Regel bei der Verwendung dieses Produkts ist, vorsichtig zu sein.&nbsp;<strong>Es ist ein wirklich starkes Produkt und wirkt Wunder, aber man kann es auch \u00fcbertreiben<\/strong>. Wenn dies Deine erste Anwendung ist, trag eine d\u00fcnne Schicht f\u00fcr 5 Minuten auf und sp\u00fcle sie dann ab. Verwenden bis zu&nbsp;<strong>einmal pro Woche<\/strong>. Wenn Du das Gef\u00fchl hast, dass dies nicht ausreicht, kannst Du diese Zeit verl\u00e4ngern, aber nicht l\u00e4nger als 10 Minuten. Bei problematischer Haut empfehle ich, nach dem Trocknen einer Schicht eine zweite aufzutragen, um den Effekt zu verst\u00e4rken. Das Wichtigste:&nbsp;<strong>Beobachte, wie sich Deine Haut verh\u00e4lt!<\/strong><\/p>\n\n\n\n<p class=\"wp-block-paragraph\">Du brauchst dieses Produkt wirklich in Deiner minimalistischen Kosmetiktasche! \ud83d\ude42 \ud83d\ude42<\/p>\n\n\n\n<h2 class=\"wp-block-heading\">Creme mit LSF 50<\/h2>\n\n\n\n<div class=\"wp-block-columns is-layout-flex wp-container-core-columns-is-layout-8f761849 wp-block-columns-is-layout-flex\">\n<div class=\"wp-block-column is-layout-flow wp-block-column-is-layout-flow\" style=\"flex-basis:30%\">\n<figure class=\"wp-block-image size-large\"><a href=\"https:\/\/cosibella.com.de\/de\/products\/holika-holika-aloe-waterproof-sun-cream-spf50-pa-beruhigende-creme-mit-sonnenfilter-100ml-2440\"><img loading=\"lazy\" decoding=\"async\" width=\"1024\" height=\"1024\" src=\"https:\/\/cosibella.com.de\/blog\/wp-content\/uploads\/2024\/02\/pol_pl_holika-holika-aloe-waterproof-sun-cream-spf50-pa-lagodzacy-krem-z-filtrem-przeciwslonecznym-100ml-2440_1-1024x1024.webp\" alt=\"\" class=\"wp-image-390\" srcset=\"https:\/\/cosibella.com.de\/blog\/wp-content\/uploads\/2024\/02\/pol_pl_holika-holika-aloe-waterproof-sun-cream-spf50-pa-lagodzacy-krem-z-filtrem-przeciwslonecznym-100ml-2440_1-1024x1024.webp 1024w, https:\/\/cosibella.com.de\/blog\/wp-content\/uploads\/2024\/02\/pol_pl_holika-holika-aloe-waterproof-sun-cream-spf50-pa-lagodzacy-krem-z-filtrem-przeciwslonecznym-100ml-2440_1-300x300.webp 300w, https:\/\/cosibella.com.de\/blog\/wp-content\/uploads\/2024\/02\/pol_pl_holika-holika-aloe-waterproof-sun-cream-spf50-pa-lagodzacy-krem-z-filtrem-przeciwslonecznym-100ml-2440_1-150x150.webp 150w, https:\/\/cosibella.com.de\/blog\/wp-content\/uploads\/2024\/02\/pol_pl_holika-holika-aloe-waterproof-sun-cream-spf50-pa-lagodzacy-krem-z-filtrem-przeciwslonecznym-100ml-2440_1-768x768.webp 768w, https:\/\/cosibella.com.de\/blog\/wp-content\/uploads\/2024\/02\/pol_pl_holika-holika-aloe-waterproof-sun-cream-spf50-pa-lagodzacy-krem-z-filtrem-przeciwslonecznym-100ml-2440_1.webp 1500w\" sizes=\"auto, (max-width: 1024px) 100vw, 1024px\" \/><\/a><\/figure>\n<\/div>\n\n\n\n<div class=\"wp-block-column is-layout-flow wp-block-column-is-layout-flow\" style=\"flex-basis:70%\">\n<p class=\"wp-block-paragraph\">W\u00e4hrend ein S\u00e4ureprodukt f\u00fcr problematischere Haut n\u00fctzlich ist, ist eine Creme mit Filter ein Muss f\u00fcr jeden! Je nach Hauttyp kann Deine Wahl etwas anders sein, aber Deine t\u00e4gliche Pflege sollte auf jeden Fall einen&nbsp;<strong>Sonnenschutz enthalten<\/strong>. Heute sprechen wir \u00fcber eine minimalistische Kosmetiktasche, also werde ich versuchen, Optionen vorzuschlagen, die sowohl f\u00fcr die K\u00f6rper- als auch f\u00fcr die Gesichtshaut gro\u00dfartig sind. Minimalistische Hautpflege umfasst multifunktionale Produkte, so dass Du sicherstellen kannst, dass Deine Sonnencreme Deiner Haut zus\u00e4tzliche Feuchtigkeit spendet. Ein solches Produkt kann z.B.&nbsp;<strong><a href=\"https:\/\/cosibella.com.de\/de\/products\/holika-holika-aloe-waterproof-sun-cream-spf50-pa-beruhigende-creme-mit-sonnenfilter-100ml-2440\">Holika Holika &#8211; Beruhigende Creme mit Sonnenfilter<\/a><\/strong>&nbsp;sein. Er hat ein leuchtendes Finish, so dass er f\u00fcr Fans von matten Looks besser unter dem Make-up funktioniert. Und f\u00fcr trockene Haut, die ein gl\u00e4nzendes Finish mag, ist es ein gro\u00dfartiges Solo-Produkt!<\/p>\n<\/div>\n<\/div>\n\n\n\n<div class=\"wp-block-columns is-layout-flex wp-container-core-columns-is-layout-8f761849 wp-block-columns-is-layout-flex\">\n<div class=\"wp-block-column is-layout-flow wp-block-column-is-layout-flow\" style=\"flex-basis:30%\">\n<figure class=\"wp-block-image size-full\"><img loading=\"lazy\" decoding=\"async\" width=\"900\" height=\"675\" src=\"https:\/\/cosibella.com.de\/blog\/wp-content\/uploads\/2024\/02\/ger_pl_svr-sun-secure-spray-spf30-schutzender-milch-spruhnebel-200ml-5615_1.webp\" alt=\"\" class=\"wp-image-391\" srcset=\"https:\/\/cosibella.com.de\/blog\/wp-content\/uploads\/2024\/02\/ger_pl_svr-sun-secure-spray-spf30-schutzender-milch-spruhnebel-200ml-5615_1.webp 900w, https:\/\/cosibella.com.de\/blog\/wp-content\/uploads\/2024\/02\/ger_pl_svr-sun-secure-spray-spf30-schutzender-milch-spruhnebel-200ml-5615_1-300x225.webp 300w, https:\/\/cosibella.com.de\/blog\/wp-content\/uploads\/2024\/02\/ger_pl_svr-sun-secure-spray-spf30-schutzender-milch-spruhnebel-200ml-5615_1-768x576.webp 768w\" sizes=\"auto, (max-width: 900px) 100vw, 900px\" \/><\/figure>\n<\/div>\n\n\n\n<div class=\"wp-block-column is-layout-flow wp-block-column-is-layout-flow\" style=\"flex-basis:70%\">\n<p class=\"wp-block-paragraph\">Dieses Produkt verdient einen Platz in dieser Liste! Es ist gro\u00df und daher effizient \ud83d\ude42 Die Milch wird sowohl f\u00fcr das Gesicht als auch f\u00fcr den K\u00f6rper, f\u00fcr jedes Familienmitglied funktionieren. Es ist leicht, zieht gut ein, der Teint gl\u00e4nzt sanft und&nbsp;<strong>sieht auch ohne Make-up toll aus<\/strong>. Dank des gro\u00dfen Fassungsverm\u00f6gens reicht die Milch f\u00fcr eine lange Zeit! Dieses Kosmetikum ist f\u00fcr alle Hauttypen geeignet, unter Make-up und solo, es ist ein wesentliches Element der Pflegeroutine. Aufgrund seines Applikators ist es besser, es zuerst auf die Hand und dann auf das Gesicht aufzutragen, um eine Situation zu vermeiden, in der die Milch in das Auge gelangt.<\/p>\n<\/div>\n<\/div>\n\n\n\n<h2 class=\"wp-block-heading\">Multifunktionales SkinTra-Tonikum!<\/h2>\n\n\n\n<div class=\"wp-block-columns is-layout-flex wp-container-core-columns-is-layout-8f761849 wp-block-columns-is-layout-flex\">\n<div class=\"wp-block-column is-layout-flow wp-block-column-is-layout-flow\" style=\"flex-basis:30%\">\n<figure class=\"wp-block-image size-large\"><a href=\"https:\/\/cosibella.com.de\/de\/products\/-skintra-everything-what-your-skin-will-love-prabiotisches-pflegetonikum-200ml-11574\"><img loading=\"lazy\" decoding=\"async\" width=\"1024\" height=\"1024\" src=\"https:\/\/cosibella.com.de\/blog\/wp-content\/uploads\/2024\/02\/pol_pl_-skintra-everything-what-your-skin-will-love-prebiotyczny-tonik-pielegnacyjny-200ml-11574_5-1024x1024.webp\" alt=\"\" class=\"wp-image-392\" srcset=\"https:\/\/cosibella.com.de\/blog\/wp-content\/uploads\/2024\/02\/pol_pl_-skintra-everything-what-your-skin-will-love-prebiotyczny-tonik-pielegnacyjny-200ml-11574_5-1024x1024.webp 1024w, https:\/\/cosibella.com.de\/blog\/wp-content\/uploads\/2024\/02\/pol_pl_-skintra-everything-what-your-skin-will-love-prebiotyczny-tonik-pielegnacyjny-200ml-11574_5-300x300.webp 300w, https:\/\/cosibella.com.de\/blog\/wp-content\/uploads\/2024\/02\/pol_pl_-skintra-everything-what-your-skin-will-love-prebiotyczny-tonik-pielegnacyjny-200ml-11574_5-150x150.webp 150w, https:\/\/cosibella.com.de\/blog\/wp-content\/uploads\/2024\/02\/pol_pl_-skintra-everything-what-your-skin-will-love-prebiotyczny-tonik-pielegnacyjny-200ml-11574_5-768x768.webp 768w, https:\/\/cosibella.com.de\/blog\/wp-content\/uploads\/2024\/02\/pol_pl_-skintra-everything-what-your-skin-will-love-prebiotyczny-tonik-pielegnacyjny-200ml-11574_5.webp 1500w\" sizes=\"auto, (max-width: 1024px) 100vw, 1024px\" \/><\/a><\/figure>\n<\/div>\n\n\n\n<div class=\"wp-block-column is-layout-flow wp-block-column-is-layout-flow\" style=\"flex-basis:70%\">\n<p class=\"wp-block-paragraph\">Darauf kann eine minimalistische Gesichtspflege nicht verzichten! Es ist ein gro\u00dfartiges Kosmetikum f\u00fcr die morgendliche und abendliche Pflege, je nach den Bed\u00fcrfnissen Deiner Haut.&nbsp;<strong>Du kannst es als Tonikum, als Serum und auch als Creme verwenden<\/strong>, wenn Deine Haut keine gro\u00dfen Mengen an Feuchtigkeit vertr\u00e4gt. Das Produkt hat die Konsistenz einer Milch, sodass Deine Haut im Handumdrehen bereit ist, Make-up oder weitere Pflegeschichten, z.B. Creme mit Filter, aufzutragen. Es sorgt f\u00fcr die Regeneration der Haut, ihre Hydratation, eine gesunde Hydro-Lipid-Barriere und das Hautmikrobiom, es beruhigt und lindert Entz\u00fcndungen. Alles in einem Produkt!<\/p>\n\n\n\n<p class=\"wp-block-paragraph\">Nun zu den guten Nachrichten! Das <a href=\"https:\/\/cosibella.com.de\/de\/menu\/gesicht\/gesichtswasser-7093\">Tonikum<\/a> wurde in einer gr\u00f6\u00dferen Kapazit\u00e4t mit\u00a0<strong>einer Pumpe hergestellt, bis zu 200 ml!<\/strong>\u00a0So hast Du weder im Gesicht noch am K\u00f6rper mit trockener Haut zu k\u00e4mpfen. Es spendet der K\u00f6rperhaut Feuchtigkeit und lindert auch Irritationen, z.B. nach der Rasur. Das Tonikum pflegt trockene, normale, reife und fettige Haut. Es ist das vielseitigste Produkt im gesamten SkinTry-Portfolio und definitiv einen Versuch wert.<\/p>\n<\/div>\n<\/div>\n\n\n\n<h3 class=\"wp-block-heading\">Optionale Hautpflegeprodukte<\/h3>\n\n\n\n<p class=\"wp-block-paragraph\">Es gibt auch Stoffe, die in die Pflege aufgenommen werden sollten, aber nicht so zwingend sind wie beispielsweise eine Kosmetik mit Lichtschutzfaktor. Das erste davon ist&nbsp;<strong>Retinol!<\/strong>&nbsp;Du wei\u00dft wahrscheinlich, dass es ein so vielseitiges Produkt ist, dass es sowohl gegen Akne wirkt, indem es Pickel beseitigt, als auch gegen alternde Haut, indem es Hyperpigmentierungen aufhellt. Die Einf\u00fchrung von Kosmetika mit Retinol sollte auf jeden Fall auf den Herbst verschoben werden, aber wenn Du es in Deiner Hautpflege hast, lohnt es sich nicht, es aufzuschieben.<\/p>\n\n\n\n<div class=\"wp-block-columns is-layout-flex wp-container-core-columns-is-layout-8f761849 wp-block-columns-is-layout-flex\">\n<div class=\"wp-block-column is-layout-flow wp-block-column-is-layout-flow\" style=\"flex-basis:30%\">\n<figure class=\"wp-block-image size-full\"><a href=\"https:\/\/cosibella.com.de\/de\/products\/basiclab-esteticus-erhellung-und-beruhigung-antioxidativ-ausgleichendes-serum-mit-vitamin-c-15-30ml-6957\"><img loading=\"lazy\" decoding=\"async\" width=\"900\" height=\"675\" src=\"https:\/\/cosibella.com.de\/blog\/wp-content\/uploads\/2024\/02\/pol_pl_basiclab-esteticus-rozswietlenie-i-wyciszenie-antyoksydacyjne-serum-wyrownujace-z-witamina-c-15-30ml-6957_1.webp\" alt=\"BasicLab-Serum - Antioxidans-Serum mit Vitamin C\" class=\"wp-image-393\" srcset=\"https:\/\/cosibella.com.de\/blog\/wp-content\/uploads\/2024\/02\/pol_pl_basiclab-esteticus-rozswietlenie-i-wyciszenie-antyoksydacyjne-serum-wyrownujace-z-witamina-c-15-30ml-6957_1.webp 900w, https:\/\/cosibella.com.de\/blog\/wp-content\/uploads\/2024\/02\/pol_pl_basiclab-esteticus-rozswietlenie-i-wyciszenie-antyoksydacyjne-serum-wyrownujace-z-witamina-c-15-30ml-6957_1-300x225.webp 300w, https:\/\/cosibella.com.de\/blog\/wp-content\/uploads\/2024\/02\/pol_pl_basiclab-esteticus-rozswietlenie-i-wyciszenie-antyoksydacyjne-serum-wyrownujace-z-witamina-c-15-30ml-6957_1-768x576.webp 768w\" sizes=\"auto, (max-width: 900px) 100vw, 900px\" \/><\/a><\/figure>\n<\/div>\n\n\n\n<div class=\"wp-block-column is-layout-flow wp-block-column-is-layout-flow\" style=\"flex-basis:70%\">\n<p class=\"wp-block-paragraph\"><a href=\"https:\/\/cosibella.com.de\/de\/menu\/gesicht\/gesichtsserum\/antioxidantien-seren-31152\">Serum mit Antioxidantien<\/a>. Es kann z. B. Vitamin C sein, das ein ideales Serum unter der SPF-Creme ist. Dieser Schritt ist nicht zwingend erforderlich, aber wenn Du Platz in Deiner Schminktasche hast, solltest Du daran denken. Dadurch wird die Haut strahlender und der antioxidative Schutz der Haut wird verbessert. Jetzt verwende ich das\u00a0<strong><a href=\"https:\/\/cosibella.com.de\/de\/products\/basiclab-esteticus-erhellung-und-beruhigung-antioxidativ-ausgleichendes-serum-mit-vitamin-c-15-30ml-6957\">BasicLab-Serum &#8211; Antioxidans-Serum mit Vitamin C<\/a><\/strong>. Es ist leicht und eignet sich daher perfekt unter Sonnenschutzmitteln und spendet meiner Haut Feuchtigkeit und verleiht ihr ein strahlendes Aussehen. In meinem Badezimmer ist immer Platz f\u00fcr Kosmetik mit Vitamin C \ud83d\ude42<\/p>\n<\/div>\n<\/div>\n\n\n\n<p class=\"wp-block-paragraph\">Ich hoffe, ich habe Dir bei der Auswahl einer minimalistischen Kosmetiktasche geholfen \ud83d\ude42 Wenn Du dich immer noch nicht sicher bist, welche Kosmetik f\u00fcr Deine Haut am besten geeignet ist, sende uns bitte eine&nbsp;<strong>E-Mail (service@cosibella.com.de)<\/strong>&nbsp;und wir werden Deine Anfrage an unsere Kosmetikerin weiterleiten. Sie k\u00f6nnen uns auch auf&nbsp;<strong><a href=\"https:\/\/www.facebook.com\/Cosibellacomde-102468169063345\" target=\"_blank\" rel=\"noopener\">Facebook<\/a><\/strong>&nbsp;und&nbsp;<strong><a href=\"http:\/\/www.instagram.com\/cosibella.de\" target=\"_blank\" rel=\"noopener\">Instagram<\/a><\/strong>&nbsp;schreiben.<\/p>\n","protected":false},"excerpt":{"rendered":"<p>Minimalistische Hautpflege ist etwas, wof\u00fcr Dir nicht nur Deine Haut, sondern auch der Planet danken wird! Lies weiter, um herauszufinden, welche Produkte Du multifunktional verwenden kannst, welche davon Du nicht kaufen musst und was in Deiner minimalistischen Kosmetiktasche nicht fehlen darf!<\/p>\n","protected":false},"author":4,"featured_media":65,"comment_status":"open","ping_status":"open","sticky":false,"template":"","format":"standard","meta":{"footnotes":""},"categories":[123,132],"tags":[155,168,179,195,198],"class_list":["post-66","post","type-post","status-publish","format-standard","has-post-thumbnail","hentry","category-marken","category-skintra","tag-ekologia","tag-naturalne-kosmetyki","tag-pielegnacja-twarzy","tag-recenzje","tag-skintra"],"_links":{"self":[{"href":"https:\/\/cosibella.com.de\/blog\/wp-json\/wp\/v2\/posts\/66","targetHints":{"allow":["GET"]}}],"collection":[{"href":"https:\/\/cosibella.com.de\/blog\/wp-json\/wp\/v2\/posts"}],"about":[{"href":"https:\/\/cosibella.com.de\/blog\/wp-json\/wp\/v2\/types\/post"}],"author":[{"embeddable":true,"href":"https:\/\/cosibella.com.de\/blog\/wp-json\/wp\/v2\/users\/4"}],"replies":[{"embeddable":true,"href":"https:\/\/cosibella.com.de\/blog\/wp-json\/wp\/v2\/comments?post=66"}],"version-history":[{"count":5,"href":"https:\/\/cosibella.com.de\/blog\/wp-json\/wp\/v2\/posts\/66\/revisions"}],"predecessor-version":[{"id":2210,"href":"https:\/\/cosibella.com.de\/blog\/wp-json\/wp\/v2\/posts\/66\/revisions\/2210"}],"wp:featuredmedia":[{"embeddable":true,"href":"https:\/\/cosibella.com.de\/blog\/wp-json\/wp\/v2\/media\/65"}],"wp:attachment":[{"href":"https:\/\/cosibella.com.de\/blog\/wp-json\/wp\/v2\/media?parent=66"}],"wp:term":[{"taxonomy":"category","embeddable":true,"href":"https:\/\/cosibella.com.de\/blog\/wp-json\/wp\/v2\/categories?post=66"},{"taxonomy":"post_tag","embeddable":true,"href":"https:\/\/cosibella.com.de\/blog\/wp-json\/wp\/v2\/tags?post=66"}],"curies":[{"name":"wp","href":"https:\/\/api.w.org\/{rel}","templated":true}]}}